{"id":2565,"date":"2024-05-03T11:09:56","date_gmt":"2024-05-03T10:09:56","guid":{"rendered":"https:\/\/www.clinique-esthetique-tunisie.com\/blog\/?p=2565"},"modified":"2024-05-03T11:09:56","modified_gmt":"2024-05-03T10:09:56","slug":"se-laver-les-cheveux-apres-prp","status":"publish","type":"post","link":"https:\/\/www.clinique-esthetique-tunisie.com\/blog\/se-laver-les-cheveux-apres-prp\/","title":{"rendered":"Peut-on se laver les cheveux apr\u00e8s une injection PRP ? \u2b07\ufe0f"},"content":{"rendered":"<p>Apr\u00e8s une injection PRP r\u00e9ussie, il est essentiel de suivre attentivement les instructions fournies par votre chirurgien en ce qui concerne les soins postop\u00e9ratoires. Pour garantir un succ\u00e8s durable, il est essentiel de prendre soin du cuir chevelu apr\u00e8s le traitement en suivant les instructions du chirurgien. se laver les cheveux apr\u00e8s une injection PRP peut-il affecter le r\u00e9sultat de l&rsquo;intervention ?<\/p>\n<h2>Que se passe-t-il au niveau du cuir chevelu apr\u00e8s une injection PRP ?<\/h2>\n<p>Imm\u00e9diatement apr\u00e8s une <a href=\"https:\/\/www.clinique-esthetique-tunisie.com\/prp-cheveux-tunisie.php\">injection PRP cheveux<\/a>, le processus de gu\u00e9rison commence. Les cheveux transplant\u00e9s s&rsquo;enracinent progressivement. Les canaux sutur\u00e9s se referment, gr\u00e2ce aux s\u00e9cr\u00e9tions et aux cro\u00fbtes qui se forment sur la plaie. Gr\u00e2ce \u00e0 l&rsquo;augmentation de la division cellulaire et \u00e0 la r\u00e9sorption des liquides dans les zones enfl\u00e9es, les plaies mini-invasives gu\u00e9rissent sans laisser de cicatrices visibles.<\/p>\n<p style=\"text-align: center;\"><img loading=\"lazy\" decoding=\"async\" class=\"aligncenter size-full wp-image-2566\" src=\"https:\/\/www.clinique-esthetique-tunisie.com\/blog\/wp-content\/uploads\/2024\/05\/se-laver-les-cheveux-apres-une-injection-prp.jpg\" alt=\"se laver les cheveux apres une injection prp\" width=\"400\" height=\"271\" \/><\/p>\n<h2>Quand peut-on se laver les cheveux apr\u00e8s une injection PRP ?<\/h2>\n<p>Le cuir chevelu est particuli\u00e8rement sensible au toucher, surtout imm\u00e9diatement apr\u00e8s le traitement. Pour \u00e9viter d&rsquo;endommager les racines des cheveux, il est important de ne pas toucher ou mouiller le cuir chevelu avec de l&rsquo;eau pendant les trois premiers jours. Les premiers soins capillaires ne doivent \u00eatre effectu\u00e9s qu&rsquo;une fois que les racines des cheveux sont fermement \u00e9tablies. C&rsquo;est \u00e0 ce moment-l\u00e0 que vous pouvez encourager le processus de cicatrisation en vous lavant les cheveux.<\/p>\n<h2>Comment dois-on se laver les cheveux apr\u00e8s une injection PRP ?<\/h2>\n<p>Le lavage des cheveux joue un r\u00f4le essentiel dans la cicatrisation et l&rsquo;hygi\u00e8ne du cuir chevelu. L&rsquo;utilisation de la lotion et du shampoing fournis par la clinique favorise le processus de cicatrisation et la croissance des racines des cheveux. Pour \u00e9viter que les cro\u00fbtes de la plaie ne s&rsquo;\u00e9paississent excessivement, le cuir chevelu peut \u00eatre humidifi\u00e9 doucement avec de l&rsquo;eau min\u00e9rale non stagnante et exempte de germes.<\/p>\n<section>\n<div class=\"container\">\n<div class=\"row\">\n<div class=\"col-md-12\">\n<h2 class=\"center ptb-30\">Devis en ligne Gratuit<\/h2>\n<p><iframe class=\"iframe_devis\" style=\"height: 500px; width: 99%; border: none;\" src=\"https:\/\/forms.zohopublic.com\/highlight\/form\/cliniqueesthetiquetunisiecomEXPRESS\/formperma\/5KEb2u06VvmbAq8sZH8my2pDmHMCiCVOxJTBcEvpVcc\" frameborder=\"0\"><\/iframe><\/p>\n<\/div>\n<\/div>\n<\/div>\n<\/section>\n","protected":false},"excerpt":{"rendered":"<p>Apr\u00e8s une injection PRP r\u00e9ussie, il est essentiel de suivre attentivement les instructions fournies par votre chirurgien en ce qui concerne les soins postop\u00e9ratoires. Pour &hellip; <\/p>\n","protected":false},"author":1,"featured_media":2567,"comment_status":"closed","ping_status":"closed","sticky":false,"template":"","format":"standard","meta":{"footnotes":""},"categories":[1],"tags":[],"class_list":["post-2565","post","type-post","status-publish","format-standard","has-post-thumbnail","hentry","category-chirurgies-esthetiques"],"yoast_head":"<!-- This site is optimized with the Yoast SEO plugin v27.5 - https:\/\/yoast.com\/product\/yoast-seo-wordpress\/ -->\n<title>Quand peut-on se laver les cheveux apr\u00e8s une injection PRP ?<\/title>\n<meta name=\"description\" content=\"\u00c0 partir de quel moment peut-on commencer \u00e0 se laver les cheveux apr\u00e8s une injection PRP ? Quelles sont les consignes qu&#039;on doit suivre ?\" \/>\n<meta name=\"robots\" content=\"index, follow, max-snippet:-1, max-image-preview:large, max-video-preview:-1\" \/>\n<link rel=\"canonical\" href=\"https:\/\/www.clinique-esthetique-tunisie.com\/blog\/se-laver-les-cheveux-apres-prp\/\" \/>\n<meta property=\"og:locale\" content=\"fr_FR\" \/>\n<meta property=\"og:type\" content=\"article\" \/>\n<meta property=\"og:title\" content=\"Quand peut-on se laver les cheveux apr\u00e8s une injection PRP ?\" \/>\n<meta property=\"og:description\" content=\"\u00c0 partir de quel moment peut-on commencer \u00e0 se laver les cheveux apr\u00e8s une injection PRP ? Quelles sont les consignes qu&#039;on doit suivre ?\" \/>\n<meta property=\"og:url\" content=\"https:\/\/www.clinique-esthetique-tunisie.com\/blog\/se-laver-les-cheveux-apres-prp\/\" \/>\n<meta property=\"article:published_time\" content=\"2024-05-03T10:09:56+00:00\" \/>\n<meta property=\"og:image\" content=\"https:\/\/www.clinique-esthetique-tunisie.com\/blog\/wp-content\/uploads\/2024\/05\/se-laver-les-cheveux-apres-injection-prp.jpg\" \/>\n\t<meta property=\"og:image:width\" content=\"400\" \/>\n\t<meta property=\"og:image:height\" content=\"310\" \/>\n\t<meta property=\"og:image:type\" content=\"image\/jpeg\" \/>\n<meta name=\"author\" content=\"admin\" \/>\n<meta name=\"twitter:label1\" content=\"\u00c9crit par\" \/>\n\t<meta name=\"twitter:data1\" content=\"admin\" \/>\n\t<meta name=\"twitter:label2\" content=\"Dur\u00e9e de lecture estim\u00e9e\" \/>\n\t<meta name=\"twitter:data2\" content=\"2 minutes\" \/>\n<script type=\"application\/ld+json\" class=\"yoast-schema-graph\">{\"@context\":\"https:\\\/\\\/schema.org\",\"@graph\":[{\"@type\":\"Article\",\"@id\":\"https:\\\/\\\/www.clinique-esthetique-tunisie.com\\\/blog\\\/se-laver-les-cheveux-apres-prp\\\/#article\",\"isPartOf\":{\"@id\":\"https:\\\/\\\/www.clinique-esthetique-tunisie.com\\\/blog\\\/se-laver-les-cheveux-apres-prp\\\/\"},\"author\":{\"name\":\"admin\",\"@id\":\"https:\\\/\\\/www.clinique-esthetique-tunisie.com\\\/blog\\\/#\\\/schema\\\/person\\\/e57138548e01c4c3269d2dfa934d52fe\"},\"headline\":\"Peut-on se laver les cheveux apr\u00e8s une injection PRP ? \u2b07\ufe0f\",\"datePublished\":\"2024-05-03T10:09:56+00:00\",\"mainEntityOfPage\":{\"@id\":\"https:\\\/\\\/www.clinique-esthetique-tunisie.com\\\/blog\\\/se-laver-les-cheveux-apres-prp\\\/\"},\"wordCount\":337,\"image\":{\"@id\":\"https:\\\/\\\/www.clinique-esthetique-tunisie.com\\\/blog\\\/se-laver-les-cheveux-apres-prp\\\/#primaryimage\"},\"thumbnailUrl\":\"https:\\\/\\\/www.clinique-esthetique-tunisie.com\\\/blog\\\/wp-content\\\/uploads\\\/2024\\\/05\\\/se-laver-les-cheveux-apres-injection-prp.jpg\",\"articleSection\":[\"Chirurgies esth\u00e9tiques\"],\"inLanguage\":\"fr-FR\"},{\"@type\":\"WebPage\",\"@id\":\"https:\\\/\\\/www.clinique-esthetique-tunisie.com\\\/blog\\\/se-laver-les-cheveux-apres-prp\\\/\",\"url\":\"https:\\\/\\\/www.clinique-esthetique-tunisie.com\\\/blog\\\/se-laver-les-cheveux-apres-prp\\\/\",\"name\":\"Quand peut-on se laver les cheveux apr\u00e8s une injection PRP ?\",\"isPartOf\":{\"@id\":\"https:\\\/\\\/www.clinique-esthetique-tunisie.com\\\/blog\\\/#website\"},\"primaryImageOfPage\":{\"@id\":\"https:\\\/\\\/www.clinique-esthetique-tunisie.com\\\/blog\\\/se-laver-les-cheveux-apres-prp\\\/#primaryimage\"},\"image\":{\"@id\":\"https:\\\/\\\/www.clinique-esthetique-tunisie.com\\\/blog\\\/se-laver-les-cheveux-apres-prp\\\/#primaryimage\"},\"thumbnailUrl\":\"https:\\\/\\\/www.clinique-esthetique-tunisie.com\\\/blog\\\/wp-content\\\/uploads\\\/2024\\\/05\\\/se-laver-les-cheveux-apres-injection-prp.jpg\",\"datePublished\":\"2024-05-03T10:09:56+00:00\",\"author\":{\"@id\":\"https:\\\/\\\/www.clinique-esthetique-tunisie.com\\\/blog\\\/#\\\/schema\\\/person\\\/e57138548e01c4c3269d2dfa934d52fe\"},\"description\":\"\u00c0 partir de quel moment peut-on commencer \u00e0 se laver les cheveux apr\u00e8s une injection PRP ? Quelles sont les consignes qu'on doit suivre ?\",\"breadcrumb\":{\"@id\":\"https:\\\/\\\/www.clinique-esthetique-tunisie.com\\\/blog\\\/se-laver-les-cheveux-apres-prp\\\/#breadcrumb\"},\"inLanguage\":\"fr-FR\",\"potentialAction\":[{\"@type\":\"ReadAction\",\"target\":[\"https:\\\/\\\/www.clinique-esthetique-tunisie.com\\\/blog\\\/se-laver-les-cheveux-apres-prp\\\/\"]}]},{\"@type\":\"ImageObject\",\"inLanguage\":\"fr-FR\",\"@id\":\"https:\\\/\\\/www.clinique-esthetique-tunisie.com\\\/blog\\\/se-laver-les-cheveux-apres-prp\\\/#primaryimage\",\"url\":\"https:\\\/\\\/www.clinique-esthetique-tunisie.com\\\/blog\\\/wp-content\\\/uploads\\\/2024\\\/05\\\/se-laver-les-cheveux-apres-injection-prp.jpg\",\"contentUrl\":\"https:\\\/\\\/www.clinique-esthetique-tunisie.com\\\/blog\\\/wp-content\\\/uploads\\\/2024\\\/05\\\/se-laver-les-cheveux-apres-injection-prp.jpg\",\"width\":400,\"height\":310},{\"@type\":\"BreadcrumbList\",\"@id\":\"https:\\\/\\\/www.clinique-esthetique-tunisie.com\\\/blog\\\/se-laver-les-cheveux-apres-prp\\\/#breadcrumb\",\"itemListElement\":[{\"@type\":\"ListItem\",\"position\":1,\"name\":\"Accueil\",\"item\":\"https:\\\/\\\/www.clinique-esthetique-tunisie.com\\\/blog\\\/\"},{\"@type\":\"ListItem\",\"position\":2,\"name\":\"Peut-on se laver les cheveux apr\u00e8s une injection PRP ? \u2b07\ufe0f\"}]},{\"@type\":\"WebSite\",\"@id\":\"https:\\\/\\\/www.clinique-esthetique-tunisie.com\\\/blog\\\/#website\",\"url\":\"https:\\\/\\\/www.clinique-esthetique-tunisie.com\\\/blog\\\/\",\"name\":\"\",\"description\":\"\",\"potentialAction\":[{\"@type\":\"SearchAction\",\"target\":{\"@type\":\"EntryPoint\",\"urlTemplate\":\"https:\\\/\\\/www.clinique-esthetique-tunisie.com\\\/blog\\\/?s={search_term_string}\"},\"query-input\":{\"@type\":\"PropertyValueSpecification\",\"valueRequired\":true,\"valueName\":\"search_term_string\"}}],\"inLanguage\":\"fr-FR\"},{\"@type\":\"Person\",\"@id\":\"https:\\\/\\\/www.clinique-esthetique-tunisie.com\\\/blog\\\/#\\\/schema\\\/person\\\/e57138548e01c4c3269d2dfa934d52fe\",\"name\":\"admin\",\"image\":{\"@type\":\"ImageObject\",\"inLanguage\":\"fr-FR\",\"@id\":\"https:\\\/\\\/secure.gravatar.com\\\/avatar\\\/3cd6eb3937a0774bbef4442e8f6630b3656d6efae7e7a3751f67fe2874b8aaa8?s=96&d=mm&r=g\",\"url\":\"https:\\\/\\\/secure.gravatar.com\\\/avatar\\\/3cd6eb3937a0774bbef4442e8f6630b3656d6efae7e7a3751f67fe2874b8aaa8?s=96&d=mm&r=g\",\"contentUrl\":\"https:\\\/\\\/secure.gravatar.com\\\/avatar\\\/3cd6eb3937a0774bbef4442e8f6630b3656d6efae7e7a3751f67fe2874b8aaa8?s=96&d=mm&r=g\",\"caption\":\"admin\"},\"url\":\"https:\\\/\\\/www.clinique-esthetique-tunisie.com\\\/blog\\\/author\\\/admin\\\/\"}]}<\/script>\n<!-- \/ Yoast SEO plugin. -->","yoast_head_json":{"title":"Quand peut-on se laver les cheveux apr\u00e8s une injection PRP ?","description":"\u00c0 partir de quel moment peut-on commencer \u00e0 se laver les cheveux apr\u00e8s une injection PRP ? Quelles sont les consignes qu'on doit suivre ?","robots":{"index":"index","follow":"follow","max-snippet":"max-snippet:-1","max-image-preview":"max-image-preview:large","max-video-preview":"max-video-preview:-1"},"canonical":"https:\/\/www.clinique-esthetique-tunisie.com\/blog\/se-laver-les-cheveux-apres-prp\/","og_locale":"fr_FR","og_type":"article","og_title":"Quand peut-on se laver les cheveux apr\u00e8s une injection PRP ?","og_description":"\u00c0 partir de quel moment peut-on commencer \u00e0 se laver les cheveux apr\u00e8s une injection PRP ? Quelles sont les consignes qu'on doit suivre ?","og_url":"https:\/\/www.clinique-esthetique-tunisie.com\/blog\/se-laver-les-cheveux-apres-prp\/","article_published_time":"2024-05-03T10:09:56+00:00","og_image":[{"width":400,"height":310,"url":"https:\/\/www.clinique-esthetique-tunisie.com\/blog\/wp-content\/uploads\/2024\/05\/se-laver-les-cheveux-apres-injection-prp.jpg","type":"image\/jpeg"}],"author":"admin","twitter_misc":{"\u00c9crit par":"admin","Dur\u00e9e de lecture estim\u00e9e":"2 minutes"},"schema":{"@context":"https:\/\/schema.org","@graph":[{"@type":"Article","@id":"https:\/\/www.clinique-esthetique-tunisie.com\/blog\/se-laver-les-cheveux-apres-prp\/#article","isPartOf":{"@id":"https:\/\/www.clinique-esthetique-tunisie.com\/blog\/se-laver-les-cheveux-apres-prp\/"},"author":{"name":"admin","@id":"https:\/\/www.clinique-esthetique-tunisie.com\/blog\/#\/schema\/person\/e57138548e01c4c3269d2dfa934d52fe"},"headline":"Peut-on se laver les cheveux apr\u00e8s une injection PRP ? \u2b07\ufe0f","datePublished":"2024-05-03T10:09:56+00:00","mainEntityOfPage":{"@id":"https:\/\/www.clinique-esthetique-tunisie.com\/blog\/se-laver-les-cheveux-apres-prp\/"},"wordCount":337,"image":{"@id":"https:\/\/www.clinique-esthetique-tunisie.com\/blog\/se-laver-les-cheveux-apres-prp\/#primaryimage"},"thumbnailUrl":"https:\/\/www.clinique-esthetique-tunisie.com\/blog\/wp-content\/uploads\/2024\/05\/se-laver-les-cheveux-apres-injection-prp.jpg","articleSection":["Chirurgies esth\u00e9tiques"],"inLanguage":"fr-FR"},{"@type":"WebPage","@id":"https:\/\/www.clinique-esthetique-tunisie.com\/blog\/se-laver-les-cheveux-apres-prp\/","url":"https:\/\/www.clinique-esthetique-tunisie.com\/blog\/se-laver-les-cheveux-apres-prp\/","name":"Quand peut-on se laver les cheveux apr\u00e8s une injection PRP ?","isPartOf":{"@id":"https:\/\/www.clinique-esthetique-tunisie.com\/blog\/#website"},"primaryImageOfPage":{"@id":"https:\/\/www.clinique-esthetique-tunisie.com\/blog\/se-laver-les-cheveux-apres-prp\/#primaryimage"},"image":{"@id":"https:\/\/www.clinique-esthetique-tunisie.com\/blog\/se-laver-les-cheveux-apres-prp\/#primaryimage"},"thumbnailUrl":"https:\/\/www.clinique-esthetique-tunisie.com\/blog\/wp-content\/uploads\/2024\/05\/se-laver-les-cheveux-apres-injection-prp.jpg","datePublished":"2024-05-03T10:09:56+00:00","author":{"@id":"https:\/\/www.clinique-esthetique-tunisie.com\/blog\/#\/schema\/person\/e57138548e01c4c3269d2dfa934d52fe"},"description":"\u00c0 partir de quel moment peut-on commencer \u00e0 se laver les cheveux apr\u00e8s une injection PRP ? Quelles sont les consignes qu'on doit suivre ?","breadcrumb":{"@id":"https:\/\/www.clinique-esthetique-tunisie.com\/blog\/se-laver-les-cheveux-apres-prp\/#breadcrumb"},"inLanguage":"fr-FR","potentialAction":[{"@type":"ReadAction","target":["https:\/\/www.clinique-esthetique-tunisie.com\/blog\/se-laver-les-cheveux-apres-prp\/"]}]},{"@type":"ImageObject","inLanguage":"fr-FR","@id":"https:\/\/www.clinique-esthetique-tunisie.com\/blog\/se-laver-les-cheveux-apres-prp\/#primaryimage","url":"https:\/\/www.clinique-esthetique-tunisie.com\/blog\/wp-content\/uploads\/2024\/05\/se-laver-les-cheveux-apres-injection-prp.jpg","contentUrl":"https:\/\/www.clinique-esthetique-tunisie.com\/blog\/wp-content\/uploads\/2024\/05\/se-laver-les-cheveux-apres-injection-prp.jpg","width":400,"height":310},{"@type":"BreadcrumbList","@id":"https:\/\/www.clinique-esthetique-tunisie.com\/blog\/se-laver-les-cheveux-apres-prp\/#breadcrumb","itemListElement":[{"@type":"ListItem","position":1,"name":"Accueil","item":"https:\/\/www.clinique-esthetique-tunisie.com\/blog\/"},{"@type":"ListItem","position":2,"name":"Peut-on se laver les cheveux apr\u00e8s une injection PRP ? \u2b07\ufe0f"}]},{"@type":"WebSite","@id":"https:\/\/www.clinique-esthetique-tunisie.com\/blog\/#website","url":"https:\/\/www.clinique-esthetique-tunisie.com\/blog\/","name":"","description":"","potentialAction":[{"@type":"SearchAction","target":{"@type":"EntryPoint","urlTemplate":"https:\/\/www.clinique-esthetique-tunisie.com\/blog\/?s={search_term_string}"},"query-input":{"@type":"PropertyValueSpecification","valueRequired":true,"valueName":"search_term_string"}}],"inLanguage":"fr-FR"},{"@type":"Person","@id":"https:\/\/www.clinique-esthetique-tunisie.com\/blog\/#\/schema\/person\/e57138548e01c4c3269d2dfa934d52fe","name":"admin","image":{"@type":"ImageObject","inLanguage":"fr-FR","@id":"https:\/\/secure.gravatar.com\/avatar\/3cd6eb3937a0774bbef4442e8f6630b3656d6efae7e7a3751f67fe2874b8aaa8?s=96&d=mm&r=g","url":"https:\/\/secure.gravatar.com\/avatar\/3cd6eb3937a0774bbef4442e8f6630b3656d6efae7e7a3751f67fe2874b8aaa8?s=96&d=mm&r=g","contentUrl":"https:\/\/secure.gravatar.com\/avatar\/3cd6eb3937a0774bbef4442e8f6630b3656d6efae7e7a3751f67fe2874b8aaa8?s=96&d=mm&r=g","caption":"admin"},"url":"https:\/\/www.clinique-esthetique-tunisie.com\/blog\/author\/admin\/"}]}},"_links":{"self":[{"href":"https:\/\/www.clinique-esthetique-tunisie.com\/blog\/wp-json\/wp\/v2\/posts\/2565","targetHints":{"allow":["GET"]}}],"collection":[{"href":"https:\/\/www.clinique-esthetique-tunisie.com\/blog\/wp-json\/wp\/v2\/posts"}],"about":[{"href":"https:\/\/www.clinique-esthetique-tunisie.com\/blog\/wp-json\/wp\/v2\/types\/post"}],"author":[{"embeddable":true,"href":"https:\/\/www.clinique-esthetique-tunisie.com\/blog\/wp-json\/wp\/v2\/users\/1"}],"replies":[{"embeddable":true,"href":"https:\/\/www.clinique-esthetique-tunisie.com\/blog\/wp-json\/wp\/v2\/comments?post=2565"}],"version-history":[{"count":3,"href":"https:\/\/www.clinique-esthetique-tunisie.com\/blog\/wp-json\/wp\/v2\/posts\/2565\/revisions"}],"predecessor-version":[{"id":2571,"href":"https:\/\/www.clinique-esthetique-tunisie.com\/blog\/wp-json\/wp\/v2\/posts\/2565\/revisions\/2571"}],"wp:featuredmedia":[{"embeddable":true,"href":"https:\/\/www.clinique-esthetique-tunisie.com\/blog\/wp-json\/wp\/v2\/media\/2567"}],"wp:attachment":[{"href":"https:\/\/www.clinique-esthetique-tunisie.com\/blog\/wp-json\/wp\/v2\/media?parent=2565"}],"wp:term":[{"taxonomy":"category","embeddable":true,"href":"https:\/\/www.clinique-esthetique-tunisie.com\/blog\/wp-json\/wp\/v2\/categories?post=2565"},{"taxonomy":"post_tag","embeddable":true,"href":"https:\/\/www.clinique-esthetique-tunisie.com\/blog\/wp-json\/wp\/v2\/tags?post=2565"}],"curies":[{"name":"wp","href":"https:\/\/api.w.org\/{rel}","templated":true}]}}